{"id":4675,"date":"2022-08-25T17:40:12","date_gmt":"2022-08-25T17:40:12","guid":{"rendered":"https:\/\/amnewsworld.com\/?p=4675"},"modified":"2022-08-25T17:43:12","modified_gmt":"2022-08-25T17:43:12","slug":"benin-unveils-monuments-to-revive-cultural-pride-patriotism-and-boost-tourism","status":"publish","type":"post","link":"https:\/\/www.amnewsworld.com\/fi\/benin-unveils-monuments-to-revive-cultural-pride-patriotism-and-boost-tourism\/","title":{"rendered":"Benin unveils monuments to revive cultural pride, patriotism and boost tourism"},"content":{"rendered":"<div class=\"article-content__text article-content__left-column js-responsive-iframes-container\">\n<p>Benin is transcribing its history through artistic works recently inaugurated by the Head of State Patrice Talon. Behind these monuments is the poignant story of personalities who have marked the Beninese hegemony through their work as builders.<\/p>\n<p>&#8221;These monuments today reveal what was the kingdom of Dahomey which became Benin today. And, if I speak first of the Amazons, it traces the history of the Amazons in the kingdom of Dahomey. How this elite corps was born, starting from Tassi Hangb\u00e9, the queen&#8221; tourism expert Jo\u00ebl Coffi ACCALOGOUN says.<\/p>\n<p>Bio GUERA, the Amazon and the Obelisk of the Devout, are now an integral part of the great whole that constitutes the national immovable cultural heritage of Benin in the city of Cotonou, the Beninese capital.<\/p>\n<div id=\"adzone-outstream\" class=\"advertising advertising--no-label js-adzone advertising--outstream advertising--called advertising--rendered advertising--empty-slot\" data-google-query-id=\"CIbKyerD4vkCFcYP0wodrcEAtw\">\n<div id=\"google_ads_iframe_\/6458\/africanews-new\/programs\/news_4__container__\"><\/div>\n<\/div>\n<p>Today, these monuments which are undoubtedly a transmitter of emotion, cause a revival of pride and patriotism within the Beninese population.<\/p>\n<p>Expert in culture and charg\u00e9 de mission to the Presidency of Benin,\u00a0Ousmane ALEDJI applauded the launch.\u00a0&#8221;He\u00a0(Patrice Talon) is cementing the national unity. People might wonder what he is doing there, bio guera? When he is from benb\u00e8r\u00e8k\u00e9, in front of Noukouara. Amazone comes from Abomey to Cotonou Noukour\u00e8 no? The Beninese heritage is a place of union, a place of convergence of Beninese patriotism&#8221;. says Aledji.<\/p>\n<p>For the Beninese authorities, this political choice to put cultural wealth at the service of the country&#8217;s tourism development, is part of the implementation of the Government Action Program (PAG 2021-2026). The Beninese state has already invested a bagatelle of 600 billion CFA francs.<\/p>\n<p>Our correspondent Steven Jola reports that for the authorities, the unveiling of these cultural, historical and tourist jewels is part of the construction of a new state of mind of the Beninese population and the strengthening of national unity.<\/p>\n<p><strong>AMN Reporters.<\/strong><\/p>\n<\/div>","protected":false},"excerpt":{"rendered":"<p>Benin is transcribing its history through artistic works recently inaugurated by the Head of State Patrice Talon. Behind these monuments is the poignant story of personalities who have marked the Beninese hegemony through their work as builders. &#8221;These monuments today reveal what was the kingdom of Dahomey which became Benin today. And, if I speak<\/p>","protected":false},"author":1,"featured_media":4676,"comment_status":"open","ping_status":"open","sticky":false,"template":"","format":"standard","meta":{"rop_custom_images_group":[],"rop_custom_messages_group":[],"rop_publish_now":"initial","rop_publish_now_accounts":{"twitter_1160854738579181570_1160854738579181570":"","facebook_3558452337540614_100649324928663":""},"rop_publish_now_history":[],"rop_publish_now_status":"pending","_monsterinsights_skip_tracking":false,"_monsterinsights_sitenote_active":false,"_monsterinsights_sitenote_note":"","_monsterinsights_sitenote_category":0,"footnotes":""},"categories":[237],"tags":[],"class_list":{"0":"post-4675","1":"post","2":"type-post","3":"status-publish","4":"format-standard","5":"has-post-thumbnail","7":"category-tourism"},"yoast_head":"<!-- This site is optimized with the Yoast SEO plugin v27.5 - https:\/\/yoast.com\/product\/yoast-seo-wordpress\/ -->\n<title>Benin unveils monuments to revive cultural pride, patriotism and boost tourism | Amnewsworld<\/title>\n<meta name=\"robots\" content=\"index, follow, max-snippet:-1, max-image-preview:large, max-video-preview:-1\" \/>\n<link rel=\"canonical\" href=\"https:\/\/www.amnewsworld.com\/fi\/benin-unveils-monuments-to-revive-cultural-pride-patriotism-and-boost-tourism\/\" \/>\n<meta property=\"og:locale\" content=\"fi_FI\" \/>\n<meta property=\"og:type\" content=\"article\" \/>\n<meta property=\"og:title\" content=\"Benin unveils monuments to revive cultural pride, patriotism and boost tourism | Amnewsworld\" \/>\n<meta property=\"og:description\" content=\"Benin is transcribing its history through artistic works recently inaugurated by the Head of State Patrice Talon. Behind these monuments is the poignant story of personalities who have marked the Beninese hegemony through their work as builders. &#8221;These monuments today reveal what was the kingdom of Dahomey which became Benin today. And, if I speak\" \/>\n<meta property=\"og:url\" content=\"https:\/\/www.amnewsworld.com\/fi\/benin-unveils-monuments-to-revive-cultural-pride-patriotism-and-boost-tourism\/\" \/>\n<meta property=\"og:site_name\" content=\"Amnewsworld\" \/>\n<meta property=\"article:publisher\" content=\"http:\/\/www.facebook.com\/amnewsworld1\" \/>\n<meta property=\"article:published_time\" content=\"2022-08-25T17:40:12+00:00\" \/>\n<meta property=\"article:modified_time\" content=\"2022-08-25T17:43:12+00:00\" \/>\n<meta property=\"og:image\" content=\"https:\/\/www.amnewsworld.com\/wp-content\/uploads\/2022\/08\/amn-benin.webp\" \/>\n\t<meta property=\"og:image:width\" content=\"1024\" \/>\n\t<meta property=\"og:image:height\" content=\"538\" \/>\n\t<meta property=\"og:image:type\" content=\"image\/webp\" \/>\n<meta name=\"author\" content=\"Amnewsworld\" \/>\n<meta name=\"twitter:card\" content=\"summary_large_image\" \/>\n<meta name=\"twitter:creator\" content=\"@amnewsworld\" \/>\n<meta name=\"twitter:site\" content=\"@amnewsworld\" \/>\n<meta name=\"twitter:label1\" content=\"Kirjoittanut\" \/>\n\t<meta name=\"twitter:data1\" content=\"Amnewsworld\" \/>\n\t<meta name=\"twitter:label2\" content=\"Arvioitu lukuaika\" \/>\n\t<meta name=\"twitter:data2\" content=\"2 minuuttia\" \/>\n<script type=\"application\/ld+json\" class=\"yoast-schema-graph\">{\"@context\":\"https:\\\/\\\/schema.org\",\"@graph\":[{\"@type\":\"Article\",\"@id\":\"https:\\\/\\\/www.amnewsworld.com\\\/benin-unveils-monuments-to-revive-cultural-pride-patriotism-and-boost-tourism\\\/#article\",\"isPartOf\":{\"@id\":\"https:\\\/\\\/www.amnewsworld.com\\\/benin-unveils-monuments-to-revive-cultural-pride-patriotism-and-boost-tourism\\\/\"},\"author\":{\"name\":\"Amnewsworld\",\"@id\":\"https:\\\/\\\/www.amnewsworld.com\\\/#\\\/schema\\\/person\\\/f3d88a38344d9937880ce8c4f75956e8\"},\"headline\":\"Benin unveils monuments to revive cultural pride, patriotism and boost tourism\",\"datePublished\":\"2022-08-25T17:40:12+00:00\",\"dateModified\":\"2022-08-25T17:43:12+00:00\",\"mainEntityOfPage\":{\"@id\":\"https:\\\/\\\/www.amnewsworld.com\\\/benin-unveils-monuments-to-revive-cultural-pride-patriotism-and-boost-tourism\\\/\"},\"wordCount\":314,\"commentCount\":0,\"publisher\":{\"@id\":\"https:\\\/\\\/www.amnewsworld.com\\\/#organization\"},\"image\":{\"@id\":\"https:\\\/\\\/www.amnewsworld.com\\\/benin-unveils-monuments-to-revive-cultural-pride-patriotism-and-boost-tourism\\\/#primaryimage\"},\"thumbnailUrl\":\"https:\\\/\\\/www.amnewsworld.com\\\/wp-content\\\/uploads\\\/2022\\\/08\\\/amn-benin.webp\",\"articleSection\":[\"Tourism\"],\"inLanguage\":\"fi\",\"potentialAction\":[{\"@type\":\"CommentAction\",\"name\":\"Comment\",\"target\":[\"https:\\\/\\\/www.amnewsworld.com\\\/benin-unveils-monuments-to-revive-cultural-pride-patriotism-and-boost-tourism\\\/#respond\"]}]},{\"@type\":\"WebPage\",\"@id\":\"https:\\\/\\\/www.amnewsworld.com\\\/benin-unveils-monuments-to-revive-cultural-pride-patriotism-and-boost-tourism\\\/\",\"url\":\"https:\\\/\\\/www.amnewsworld.com\\\/benin-unveils-monuments-to-revive-cultural-pride-patriotism-and-boost-tourism\\\/\",\"name\":\"Benin unveils monuments to revive cultural pride, patriotism and boost tourism | Amnewsworld\",\"isPartOf\":{\"@id\":\"https:\\\/\\\/www.amnewsworld.com\\\/#website\"},\"primaryImageOfPage\":{\"@id\":\"https:\\\/\\\/www.amnewsworld.com\\\/benin-unveils-monuments-to-revive-cultural-pride-patriotism-and-boost-tourism\\\/#primaryimage\"},\"image\":{\"@id\":\"https:\\\/\\\/www.amnewsworld.com\\\/benin-unveils-monuments-to-revive-cultural-pride-patriotism-and-boost-tourism\\\/#primaryimage\"},\"thumbnailUrl\":\"https:\\\/\\\/www.amnewsworld.com\\\/wp-content\\\/uploads\\\/2022\\\/08\\\/amn-benin.webp\",\"datePublished\":\"2022-08-25T17:40:12+00:00\",\"dateModified\":\"2022-08-25T17:43:12+00:00\",\"breadcrumb\":{\"@id\":\"https:\\\/\\\/www.amnewsworld.com\\\/benin-unveils-monuments-to-revive-cultural-pride-patriotism-and-boost-tourism\\\/#breadcrumb\"},\"inLanguage\":\"fi\",\"potentialAction\":[{\"@type\":\"ReadAction\",\"target\":[\"https:\\\/\\\/www.amnewsworld.com\\\/benin-unveils-monuments-to-revive-cultural-pride-patriotism-and-boost-tourism\\\/\"]}]},{\"@type\":\"ImageObject\",\"inLanguage\":\"fi\",\"@id\":\"https:\\\/\\\/www.amnewsworld.com\\\/benin-unveils-monuments-to-revive-cultural-pride-patriotism-and-boost-tourism\\\/#primaryimage\",\"url\":\"https:\\\/\\\/www.amnewsworld.com\\\/wp-content\\\/uploads\\\/2022\\\/08\\\/amn-benin.webp\",\"contentUrl\":\"https:\\\/\\\/www.amnewsworld.com\\\/wp-content\\\/uploads\\\/2022\\\/08\\\/amn-benin.webp\",\"width\":1024,\"height\":538},{\"@type\":\"BreadcrumbList\",\"@id\":\"https:\\\/\\\/www.amnewsworld.com\\\/benin-unveils-monuments-to-revive-cultural-pride-patriotism-and-boost-tourism\\\/#breadcrumb\",\"itemListElement\":[{\"@type\":\"ListItem\",\"position\":1,\"name\":\"Home\",\"item\":\"https:\\\/\\\/www.amnewsworld.com\\\/\"},{\"@type\":\"ListItem\",\"position\":2,\"name\":\"Benin unveils monuments to revive cultural pride, patriotism and boost tourism\"}]},{\"@type\":\"WebSite\",\"@id\":\"https:\\\/\\\/www.amnewsworld.com\\\/#website\",\"url\":\"https:\\\/\\\/www.amnewsworld.com\\\/\",\"name\":\"Amnewsworld\",\"description\":\"Your voice. Your platform. Your news\",\"publisher\":{\"@id\":\"https:\\\/\\\/www.amnewsworld.com\\\/#organization\"},\"alternateName\":\"AMN News Agency\",\"potentialAction\":[{\"@type\":\"SearchAction\",\"target\":{\"@type\":\"EntryPoint\",\"urlTemplate\":\"https:\\\/\\\/www.amnewsworld.com\\\/?s={search_term_string}\"},\"query-input\":{\"@type\":\"PropertyValueSpecification\",\"valueRequired\":true,\"valueName\":\"search_term_string\"}}],\"inLanguage\":\"fi\"},{\"@type\":\"Organization\",\"@id\":\"https:\\\/\\\/www.amnewsworld.com\\\/#organization\",\"name\":\"AMN News Agency\",\"alternateName\":\"Amnewsworld\",\"url\":\"https:\\\/\\\/www.amnewsworld.com\\\/\",\"logo\":{\"@type\":\"ImageObject\",\"inLanguage\":\"fi\",\"@id\":\"https:\\\/\\\/www.amnewsworld.com\\\/#\\\/schema\\\/logo\\\/image\\\/\",\"url\":\"https:\\\/\\\/www.amnewsworld.com\\\/wp-content\\\/uploads\\\/2025\\\/03\\\/amnround-2.png\",\"contentUrl\":\"https:\\\/\\\/www.amnewsworld.com\\\/wp-content\\\/uploads\\\/2025\\\/03\\\/amnround-2.png\",\"width\":223,\"height\":223,\"caption\":\"AMN News Agency\"},\"image\":{\"@id\":\"https:\\\/\\\/www.amnewsworld.com\\\/#\\\/schema\\\/logo\\\/image\\\/\"},\"sameAs\":[\"http:\\\/\\\/www.facebook.com\\\/amnewsworld1\",\"https:\\\/\\\/x.com\\\/amnewsworld\",\"https:\\\/\\\/www.pinterest.com\\\/amnewsworld\",\"https:\\\/\\\/www.tumblr.com\\\/amnewsworld1\",\"https:\\\/\\\/www.tictok.com\\\/amnewsworld6\",\"https:\\\/\\\/www.youtube.com\\\/@amnewsworld1\"]},{\"@type\":\"Person\",\"@id\":\"https:\\\/\\\/www.amnewsworld.com\\\/#\\\/schema\\\/person\\\/f3d88a38344d9937880ce8c4f75956e8\",\"name\":\"Amnewsworld\",\"image\":{\"@type\":\"ImageObject\",\"inLanguage\":\"fi\",\"@id\":\"https:\\\/\\\/secure.gravatar.com\\\/avatar\\\/b1da66f2b2a8acf76d2d3c166016f53d8f99603628c784be6f8aafa66ab8f13d?s=96&d=mm&r=g\",\"url\":\"https:\\\/\\\/secure.gravatar.com\\\/avatar\\\/b1da66f2b2a8acf76d2d3c166016f53d8f99603628c784be6f8aafa66ab8f13d?s=96&d=mm&r=g\",\"contentUrl\":\"https:\\\/\\\/secure.gravatar.com\\\/avatar\\\/b1da66f2b2a8acf76d2d3c166016f53d8f99603628c784be6f8aafa66ab8f13d?s=96&d=mm&r=g\",\"caption\":\"Amnewsworld\"},\"description\":\"Our channels shares politics, arts &amp; culture, sports, business, Lifestyle, science, technology, health, education, history and environmental news across the globe.\",\"sameAs\":[\"https:\\\/\\\/www.amnewsworld.com\"],\"url\":\"https:\\\/\\\/www.amnewsworld.com\\\/fi\\\/author\\\/amnewsworld\\\/\"}]}<\/script>\n<!-- \/ Yoast SEO plugin. -->","yoast_head_json":{"title":"Benin unveils monuments to revive cultural pride, patriotism and boost tourism | Amnewsworld","robots":{"index":"index","follow":"follow","max-snippet":"max-snippet:-1","max-image-preview":"max-image-preview:large","max-video-preview":"max-video-preview:-1"},"canonical":"https:\/\/www.amnewsworld.com\/fi\/benin-unveils-monuments-to-revive-cultural-pride-patriotism-and-boost-tourism\/","og_locale":"fi_FI","og_type":"article","og_title":"Benin unveils monuments to revive cultural pride, patriotism and boost tourism | Amnewsworld","og_description":"Benin is transcribing its history through artistic works recently inaugurated by the Head of State Patrice Talon. Behind these monuments is the poignant story of personalities who have marked the Beninese hegemony through their work as builders. &#8221;These monuments today reveal what was the kingdom of Dahomey which became Benin today. And, if I speak","og_url":"https:\/\/www.amnewsworld.com\/fi\/benin-unveils-monuments-to-revive-cultural-pride-patriotism-and-boost-tourism\/","og_site_name":"Amnewsworld","article_publisher":"http:\/\/www.facebook.com\/amnewsworld1","article_published_time":"2022-08-25T17:40:12+00:00","article_modified_time":"2022-08-25T17:43:12+00:00","og_image":[{"width":1024,"height":538,"url":"https:\/\/www.amnewsworld.com\/wp-content\/uploads\/2022\/08\/amn-benin.webp","type":"image\/webp"}],"author":"Amnewsworld","twitter_card":"summary_large_image","twitter_creator":"@amnewsworld","twitter_site":"@amnewsworld","twitter_misc":{"Kirjoittanut":"Amnewsworld","Arvioitu lukuaika":"2 minuuttia"},"schema":{"@context":"https:\/\/schema.org","@graph":[{"@type":"Article","@id":"https:\/\/www.amnewsworld.com\/benin-unveils-monuments-to-revive-cultural-pride-patriotism-and-boost-tourism\/#article","isPartOf":{"@id":"https:\/\/www.amnewsworld.com\/benin-unveils-monuments-to-revive-cultural-pride-patriotism-and-boost-tourism\/"},"author":{"name":"Amnewsworld","@id":"https:\/\/www.amnewsworld.com\/#\/schema\/person\/f3d88a38344d9937880ce8c4f75956e8"},"headline":"Benin unveils monuments to revive cultural pride, patriotism and boost tourism","datePublished":"2022-08-25T17:40:12+00:00","dateModified":"2022-08-25T17:43:12+00:00","mainEntityOfPage":{"@id":"https:\/\/www.amnewsworld.com\/benin-unveils-monuments-to-revive-cultural-pride-patriotism-and-boost-tourism\/"},"wordCount":314,"commentCount":0,"publisher":{"@id":"https:\/\/www.amnewsworld.com\/#organization"},"image":{"@id":"https:\/\/www.amnewsworld.com\/benin-unveils-monuments-to-revive-cultural-pride-patriotism-and-boost-tourism\/#primaryimage"},"thumbnailUrl":"https:\/\/www.amnewsworld.com\/wp-content\/uploads\/2022\/08\/amn-benin.webp","articleSection":["Tourism"],"inLanguage":"fi","potentialAction":[{"@type":"CommentAction","name":"Comment","target":["https:\/\/www.amnewsworld.com\/benin-unveils-monuments-to-revive-cultural-pride-patriotism-and-boost-tourism\/#respond"]}]},{"@type":"WebPage","@id":"https:\/\/www.amnewsworld.com\/benin-unveils-monuments-to-revive-cultural-pride-patriotism-and-boost-tourism\/","url":"https:\/\/www.amnewsworld.com\/benin-unveils-monuments-to-revive-cultural-pride-patriotism-and-boost-tourism\/","name":"Benin unveils monuments to revive cultural pride, patriotism and boost tourism | Amnewsworld","isPartOf":{"@id":"https:\/\/www.amnewsworld.com\/#website"},"primaryImageOfPage":{"@id":"https:\/\/www.amnewsworld.com\/benin-unveils-monuments-to-revive-cultural-pride-patriotism-and-boost-tourism\/#primaryimage"},"image":{"@id":"https:\/\/www.amnewsworld.com\/benin-unveils-monuments-to-revive-cultural-pride-patriotism-and-boost-tourism\/#primaryimage"},"thumbnailUrl":"https:\/\/www.amnewsworld.com\/wp-content\/uploads\/2022\/08\/amn-benin.webp","datePublished":"2022-08-25T17:40:12+00:00","dateModified":"2022-08-25T17:43:12+00:00","breadcrumb":{"@id":"https:\/\/www.amnewsworld.com\/benin-unveils-monuments-to-revive-cultural-pride-patriotism-and-boost-tourism\/#breadcrumb"},"inLanguage":"fi","potentialAction":[{"@type":"ReadAction","target":["https:\/\/www.amnewsworld.com\/benin-unveils-monuments-to-revive-cultural-pride-patriotism-and-boost-tourism\/"]}]},{"@type":"ImageObject","inLanguage":"fi","@id":"https:\/\/www.amnewsworld.com\/benin-unveils-monuments-to-revive-cultural-pride-patriotism-and-boost-tourism\/#primaryimage","url":"https:\/\/www.amnewsworld.com\/wp-content\/uploads\/2022\/08\/amn-benin.webp","contentUrl":"https:\/\/www.amnewsworld.com\/wp-content\/uploads\/2022\/08\/amn-benin.webp","width":1024,"height":538},{"@type":"BreadcrumbList","@id":"https:\/\/www.amnewsworld.com\/benin-unveils-monuments-to-revive-cultural-pride-patriotism-and-boost-tourism\/#breadcrumb","itemListElement":[{"@type":"ListItem","position":1,"name":"Home","item":"https:\/\/www.amnewsworld.com\/"},{"@type":"ListItem","position":2,"name":"Benin unveils monuments to revive cultural pride, patriotism and boost tourism"}]},{"@type":"WebSite","@id":"https:\/\/www.amnewsworld.com\/#website","url":"https:\/\/www.amnewsworld.com\/","name":"Amnewsworld","description":"Your voice. Your platform. Your news","publisher":{"@id":"https:\/\/www.amnewsworld.com\/#organization"},"alternateName":"AMN News Agency","potentialAction":[{"@type":"SearchAction","target":{"@type":"EntryPoint","urlTemplate":"https:\/\/www.amnewsworld.com\/?s={search_term_string}"},"query-input":{"@type":"PropertyValueSpecification","valueRequired":true,"valueName":"search_term_string"}}],"inLanguage":"fi"},{"@type":"Organization","@id":"https:\/\/www.amnewsworld.com\/#organization","name":"AMN News Agency","alternateName":"Amnewsworld","url":"https:\/\/www.amnewsworld.com\/","logo":{"@type":"ImageObject","inLanguage":"fi","@id":"https:\/\/www.amnewsworld.com\/#\/schema\/logo\/image\/","url":"https:\/\/www.amnewsworld.com\/wp-content\/uploads\/2025\/03\/amnround-2.png","contentUrl":"https:\/\/www.amnewsworld.com\/wp-content\/uploads\/2025\/03\/amnround-2.png","width":223,"height":223,"caption":"AMN News Agency"},"image":{"@id":"https:\/\/www.amnewsworld.com\/#\/schema\/logo\/image\/"},"sameAs":["http:\/\/www.facebook.com\/amnewsworld1","https:\/\/x.com\/amnewsworld","https:\/\/www.pinterest.com\/amnewsworld","https:\/\/www.tumblr.com\/amnewsworld1","https:\/\/www.tictok.com\/amnewsworld6","https:\/\/www.youtube.com\/@amnewsworld1"]},{"@type":"Person","@id":"https:\/\/www.amnewsworld.com\/#\/schema\/person\/f3d88a38344d9937880ce8c4f75956e8","name":"Amnewsworld","image":{"@type":"ImageObject","inLanguage":"fi","@id":"https:\/\/secure.gravatar.com\/avatar\/b1da66f2b2a8acf76d2d3c166016f53d8f99603628c784be6f8aafa66ab8f13d?s=96&d=mm&r=g","url":"https:\/\/secure.gravatar.com\/avatar\/b1da66f2b2a8acf76d2d3c166016f53d8f99603628c784be6f8aafa66ab8f13d?s=96&d=mm&r=g","contentUrl":"https:\/\/secure.gravatar.com\/avatar\/b1da66f2b2a8acf76d2d3c166016f53d8f99603628c784be6f8aafa66ab8f13d?s=96&d=mm&r=g","caption":"Amnewsworld"},"description":"Our channels shares politics, arts &amp; culture, sports, business, Lifestyle, science, technology, health, education, history and environmental news across the globe.","sameAs":["https:\/\/www.amnewsworld.com"],"url":"https:\/\/www.amnewsworld.com\/fi\/author\/amnewsworld\/"}]}},"jetpack_featured_media_url":"https:\/\/www.amnewsworld.com\/wp-content\/uploads\/2022\/08\/amn-benin.webp","_links":{"self":[{"href":"https:\/\/www.amnewsworld.com\/fi\/wp-json\/wp\/v2\/posts\/4675","targetHints":{"allow":["GET"]}}],"collection":[{"href":"https:\/\/www.amnewsworld.com\/fi\/wp-json\/wp\/v2\/posts"}],"about":[{"href":"https:\/\/www.amnewsworld.com\/fi\/wp-json\/wp\/v2\/types\/post"}],"author":[{"embeddable":true,"href":"https:\/\/www.amnewsworld.com\/fi\/wp-json\/wp\/v2\/users\/1"}],"replies":[{"embeddable":true,"href":"https:\/\/www.amnewsworld.com\/fi\/wp-json\/wp\/v2\/comments?post=4675"}],"version-history":[{"count":1,"href":"https:\/\/www.amnewsworld.com\/fi\/wp-json\/wp\/v2\/posts\/4675\/revisions"}],"predecessor-version":[{"id":4677,"href":"https:\/\/www.amnewsworld.com\/fi\/wp-json\/wp\/v2\/posts\/4675\/revisions\/4677"}],"wp:featuredmedia":[{"embeddable":true,"href":"https:\/\/www.amnewsworld.com\/fi\/wp-json\/wp\/v2\/media\/4676"}],"wp:attachment":[{"href":"https:\/\/www.amnewsworld.com\/fi\/wp-json\/wp\/v2\/media?parent=4675"}],"wp:term":[{"taxonomy":"category","embeddable":true,"href":"https:\/\/www.amnewsworld.com\/fi\/wp-json\/wp\/v2\/categories?post=4675"},{"taxonomy":"post_tag","embeddable":true,"href":"https:\/\/www.amnewsworld.com\/fi\/wp-json\/wp\/v2\/tags?post=4675"}],"curies":[{"name":"wp","href":"https:\/\/api.w.org\/{rel}","templated":true}]}}