{"id":13070,"date":"2025-06-10T15:54:22","date_gmt":"2025-06-10T15:54:22","guid":{"rendered":"https:\/\/www.amnewsworld.com\/?p=13070"},"modified":"2025-06-10T15:54:22","modified_gmt":"2025-06-10T15:54:22","slug":"pirenopolis-comes-alive-with-colorful-cavalhadas-as-brazil-celebrates-festa-do-divino-espirito-santo","status":"publish","type":"post","link":"https:\/\/www.amnewsworld.com\/fi\/pirenopolis-comes-alive-with-colorful-cavalhadas-as-brazil-celebrates-festa-do-divino-espirito-santo\/","title":{"rendered":"Piren\u00f3polis Comes alive with colorful Cavalhadas as Brazil Celebrates Festa do Divino Esp\u00edrito Santo"},"content":{"rendered":"<p data-start=\"152\" data-end=\"467\">The cobbled streets of Piren\u00f3polis, a historic town in central Brazil, erupted in vibrant color and celebration on Monday as residents marked the annual <em data-start=\"305\" data-end=\"337\">Festa do Divino Esp\u00edrito Santo<\/em>\u00a0 the Festival of the Divine Holy Spirit a deeply rooted cultural and religious event tied to the Christian feast of Pentecost.<\/p>\n<p data-start=\"469\" data-end=\"858\">Dating back to the early 1800s, the centuries-old festival fuses Catholic rites with local folklore and theatrical pageantry. At the heart of the festivities are the <em data-start=\"635\" data-end=\"647\">Cavalhadas<\/em>, a dramatic reenactment of medieval battles where costumed horsemen, representing Christian knights and Moorish adversaries, clash in choreographed duels not on ancient fields, but on modern football grounds.<\/p>\n<p data-start=\"860\" data-end=\"1077\">Adding flair and humor to the spectacle are the <em data-start=\"908\" data-end=\"920\">mascarados<\/em>, anonymous masked riders whose identities remain hidden throughout the event. Their comical antics and elaborate disguises bring levity to the celebration.<\/p>\n<p data-start=\"1079\" data-end=\"1324\">\u201cIt would not work if there were only the knights without the masked riders,\u201d said one <em data-start=\"1166\" data-end=\"1177\">mascarado<\/em>, his voice muffled behind a black mask adorned with square teeth. \u201cIt\u2019s the whole that makes this beautiful festival happen for almost 200 years.\u201d<\/p>\n<p data-start=\"1326\" data-end=\"1539\">Beyond the theatrical jousts, the festival features religious processions, solemn masses, and the symbolic coronation of the \u201cEmperor of the Divine,\u201d a ceremonial role that underscores the event\u2019s spiritual depth.<\/p>\n<p data-start=\"1541\" data-end=\"1825\">Recognized as Intangible Cultural Heritage by Brazil\u2019s National Institute of Historic and Artistic Heritage (IPHAN), the <em data-start=\"1662\" data-end=\"1679\">Festa do Divino<\/em> is more than a celebration it is a living tradition that reflects Brazil\u2019s colonial past, its Catholic heritage, and Afro-Brazilian influences.<\/p>\n<p data-start=\"1827\" data-end=\"2114\">For the people of Piren\u00f3polis, the festival is not only a source of pride but a vital expression of community identity. Generations unite each year to organize the elaborate events, preserve ancestral customs, and welcome visitors eager to experience the cultural richness of their town.<\/p>\n<p data-start=\"2116\" data-end=\"2309\" data-is-last-node=\"\" data-is-only-node=\"\">As the sounds of galloping hooves, folk music, and laughter echo through Piren\u00f3polis, the <em data-start=\"2206\" data-end=\"2223\">Festa do Divino<\/em> once again reaffirms its place as one of Brazil\u2019s most cherished cultural spectacles.<\/p>","protected":false},"excerpt":{"rendered":"<p>The cobbled streets of Piren\u00f3polis, a historic town in central Brazil, erupted in vibrant color and celebration on Monday as residents marked the annual Festa do Divino Esp\u00edrito Santo\u00a0 the Festival of the Divine Holy Spirit a deeply rooted cultural and religious event tied to the Christian feast of Pentecost. Dating back to the early<\/p>","protected":false},"author":4,"featured_media":13071,"comment_status":"open","ping_status":"open","sticky":false,"template":"","format":"standard","meta":{"rop_custom_images_group":[],"rop_custom_messages_group":[],"rop_publish_now":"initial","rop_publish_now_accounts":{"twitter_1160854738579181570_1160854738579181570":"","facebook_3558452337540614_100649324928663":""},"rop_publish_now_history":[],"rop_publish_now_status":"pending","_monsterinsights_skip_tracking":false,"_monsterinsights_sitenote_active":false,"_monsterinsights_sitenote_note":"","_monsterinsights_sitenote_category":0,"footnotes":""},"categories":[25,19],"tags":[285,846,847,266],"class_list":{"0":"post-13070","1":"post","2":"type-post","3":"status-publish","4":"format-standard","5":"has-post-thumbnail","7":"category-americans","8":"category-entertainment","9":"tag-amnewsworld","10":"tag-festival","11":"tag-pirenopolis","12":"tag-reporters"},"yoast_head":"<!-- This site is optimized with the Yoast SEO plugin v27.5 - https:\/\/yoast.com\/product\/yoast-seo-wordpress\/ -->\n<title>Piren\u00f3polis Comes alive with colorful Cavalhadas as Brazil Celebrates Festa do Divino Esp\u00edrito Santo | Amnewsworld<\/title>\n<meta name=\"robots\" content=\"index, follow, max-snippet:-1, max-image-preview:large, max-video-preview:-1\" \/>\n<link rel=\"canonical\" href=\"https:\/\/www.amnewsworld.com\/fi\/pirenopolis-comes-alive-with-colorful-cavalhadas-as-brazil-celebrates-festa-do-divino-espirito-santo\/\" \/>\n<meta property=\"og:locale\" content=\"fi_FI\" \/>\n<meta property=\"og:type\" content=\"article\" \/>\n<meta property=\"og:title\" content=\"Piren\u00f3polis Comes alive with colorful Cavalhadas as Brazil Celebrates Festa do Divino Esp\u00edrito Santo | Amnewsworld\" \/>\n<meta property=\"og:description\" content=\"The cobbled streets of Piren\u00f3polis, a historic town in central Brazil, erupted in vibrant color and celebration on Monday as residents marked the annual Festa do Divino Esp\u00edrito Santo\u00a0 the Festival of the Divine Holy Spirit a deeply rooted cultural and religious event tied to the Christian feast of Pentecost. Dating back to the early\" \/>\n<meta property=\"og:url\" content=\"https:\/\/www.amnewsworld.com\/fi\/pirenopolis-comes-alive-with-colorful-cavalhadas-as-brazil-celebrates-festa-do-divino-espirito-santo\/\" \/>\n<meta property=\"og:site_name\" content=\"Amnewsworld\" \/>\n<meta property=\"article:publisher\" content=\"http:\/\/www.facebook.com\/amnewsworld1\" \/>\n<meta property=\"article:published_time\" content=\"2025-06-10T15:54:22+00:00\" \/>\n<meta property=\"og:image\" content=\"https:\/\/www.amnewsworld.com\/wp-content\/uploads\/2025\/06\/amnewsworld-17.jpg\" \/>\n\t<meta property=\"og:image:width\" content=\"1024\" \/>\n\t<meta property=\"og:image:height\" content=\"708\" \/>\n\t<meta property=\"og:image:type\" content=\"image\/jpeg\" \/>\n<meta name=\"author\" content=\"Ohene Anochie\" \/>\n<meta name=\"twitter:card\" content=\"summary_large_image\" \/>\n<meta name=\"twitter:creator\" content=\"@amnewsworld\" \/>\n<meta name=\"twitter:site\" content=\"@amnewsworld\" \/>\n<meta name=\"twitter:label1\" content=\"Kirjoittanut\" \/>\n\t<meta name=\"twitter:data1\" content=\"Ohene Anochie\" \/>\n\t<meta name=\"twitter:label2\" content=\"Arvioitu lukuaika\" \/>\n\t<meta name=\"twitter:data2\" content=\"2 minuuttia\" \/>\n<script type=\"application\/ld+json\" class=\"yoast-schema-graph\">{\"@context\":\"https:\\\/\\\/schema.org\",\"@graph\":[{\"@type\":\"Article\",\"@id\":\"https:\\\/\\\/www.amnewsworld.com\\\/pirenopolis-comes-alive-with-colorful-cavalhadas-as-brazil-celebrates-festa-do-divino-espirito-santo\\\/#article\",\"isPartOf\":{\"@id\":\"https:\\\/\\\/www.amnewsworld.com\\\/pirenopolis-comes-alive-with-colorful-cavalhadas-as-brazil-celebrates-festa-do-divino-espirito-santo\\\/\"},\"author\":{\"name\":\"Ohene Anochie\",\"@id\":\"https:\\\/\\\/www.amnewsworld.com\\\/#\\\/schema\\\/person\\\/f10354ebcd082500f7653f308cfd9f5d\"},\"headline\":\"Piren\u00f3polis Comes alive with colorful Cavalhadas as Brazil Celebrates Festa do Divino Esp\u00edrito Santo\",\"datePublished\":\"2025-06-10T15:54:22+00:00\",\"mainEntityOfPage\":{\"@id\":\"https:\\\/\\\/www.amnewsworld.com\\\/pirenopolis-comes-alive-with-colorful-cavalhadas-as-brazil-celebrates-festa-do-divino-espirito-santo\\\/\"},\"wordCount\":346,\"commentCount\":0,\"publisher\":{\"@id\":\"https:\\\/\\\/www.amnewsworld.com\\\/#organization\"},\"image\":{\"@id\":\"https:\\\/\\\/www.amnewsworld.com\\\/pirenopolis-comes-alive-with-colorful-cavalhadas-as-brazil-celebrates-festa-do-divino-espirito-santo\\\/#primaryimage\"},\"thumbnailUrl\":\"https:\\\/\\\/www.amnewsworld.com\\\/wp-content\\\/uploads\\\/2025\\\/06\\\/amnewsworld-17.jpg\",\"keywords\":[\"Amnewsworld\",\"Festival\",\"Piren\u00f3polis.\",\"Reporters\"],\"articleSection\":[\"Americans\",\"Arts &amp; Culture\"],\"inLanguage\":\"fi\",\"potentialAction\":[{\"@type\":\"CommentAction\",\"name\":\"Comment\",\"target\":[\"https:\\\/\\\/www.amnewsworld.com\\\/pirenopolis-comes-alive-with-colorful-cavalhadas-as-brazil-celebrates-festa-do-divino-espirito-santo\\\/#respond\"]}]},{\"@type\":\"WebPage\",\"@id\":\"https:\\\/\\\/www.amnewsworld.com\\\/pirenopolis-comes-alive-with-colorful-cavalhadas-as-brazil-celebrates-festa-do-divino-espirito-santo\\\/\",\"url\":\"https:\\\/\\\/www.amnewsworld.com\\\/pirenopolis-comes-alive-with-colorful-cavalhadas-as-brazil-celebrates-festa-do-divino-espirito-santo\\\/\",\"name\":\"Piren\u00f3polis Comes alive with colorful Cavalhadas as Brazil Celebrates Festa do Divino Esp\u00edrito Santo | Amnewsworld\",\"isPartOf\":{\"@id\":\"https:\\\/\\\/www.amnewsworld.com\\\/#website\"},\"primaryImageOfPage\":{\"@id\":\"https:\\\/\\\/www.amnewsworld.com\\\/pirenopolis-comes-alive-with-colorful-cavalhadas-as-brazil-celebrates-festa-do-divino-espirito-santo\\\/#primaryimage\"},\"image\":{\"@id\":\"https:\\\/\\\/www.amnewsworld.com\\\/pirenopolis-comes-alive-with-colorful-cavalhadas-as-brazil-celebrates-festa-do-divino-espirito-santo\\\/#primaryimage\"},\"thumbnailUrl\":\"https:\\\/\\\/www.amnewsworld.com\\\/wp-content\\\/uploads\\\/2025\\\/06\\\/amnewsworld-17.jpg\",\"datePublished\":\"2025-06-10T15:54:22+00:00\",\"breadcrumb\":{\"@id\":\"https:\\\/\\\/www.amnewsworld.com\\\/pirenopolis-comes-alive-with-colorful-cavalhadas-as-brazil-celebrates-festa-do-divino-espirito-santo\\\/#breadcrumb\"},\"inLanguage\":\"fi\",\"potentialAction\":[{\"@type\":\"ReadAction\",\"target\":[\"https:\\\/\\\/www.amnewsworld.com\\\/pirenopolis-comes-alive-with-colorful-cavalhadas-as-brazil-celebrates-festa-do-divino-espirito-santo\\\/\"]}]},{\"@type\":\"ImageObject\",\"inLanguage\":\"fi\",\"@id\":\"https:\\\/\\\/www.amnewsworld.com\\\/pirenopolis-comes-alive-with-colorful-cavalhadas-as-brazil-celebrates-festa-do-divino-espirito-santo\\\/#primaryimage\",\"url\":\"https:\\\/\\\/www.amnewsworld.com\\\/wp-content\\\/uploads\\\/2025\\\/06\\\/amnewsworld-17.jpg\",\"contentUrl\":\"https:\\\/\\\/www.amnewsworld.com\\\/wp-content\\\/uploads\\\/2025\\\/06\\\/amnewsworld-17.jpg\",\"width\":1024,\"height\":708},{\"@type\":\"BreadcrumbList\",\"@id\":\"https:\\\/\\\/www.amnewsworld.com\\\/pirenopolis-comes-alive-with-colorful-cavalhadas-as-brazil-celebrates-festa-do-divino-espirito-santo\\\/#breadcrumb\",\"itemListElement\":[{\"@type\":\"ListItem\",\"position\":1,\"name\":\"Home\",\"item\":\"https:\\\/\\\/www.amnewsworld.com\\\/\"},{\"@type\":\"ListItem\",\"position\":2,\"name\":\"Piren\u00f3polis Comes alive with colorful Cavalhadas as Brazil Celebrates Festa do Divino Esp\u00edrito Santo\"}]},{\"@type\":\"WebSite\",\"@id\":\"https:\\\/\\\/www.amnewsworld.com\\\/#website\",\"url\":\"https:\\\/\\\/www.amnewsworld.com\\\/\",\"name\":\"Amnewsworld\",\"description\":\"Your voice. Your platform. Your news\",\"publisher\":{\"@id\":\"https:\\\/\\\/www.amnewsworld.com\\\/#organization\"},\"alternateName\":\"AMN News Agency\",\"potentialAction\":[{\"@type\":\"SearchAction\",\"target\":{\"@type\":\"EntryPoint\",\"urlTemplate\":\"https:\\\/\\\/www.amnewsworld.com\\\/?s={search_term_string}\"},\"query-input\":{\"@type\":\"PropertyValueSpecification\",\"valueRequired\":true,\"valueName\":\"search_term_string\"}}],\"inLanguage\":\"fi\"},{\"@type\":\"Organization\",\"@id\":\"https:\\\/\\\/www.amnewsworld.com\\\/#organization\",\"name\":\"AMN News Agency\",\"alternateName\":\"Amnewsworld\",\"url\":\"https:\\\/\\\/www.amnewsworld.com\\\/\",\"logo\":{\"@type\":\"ImageObject\",\"inLanguage\":\"fi\",\"@id\":\"https:\\\/\\\/www.amnewsworld.com\\\/#\\\/schema\\\/logo\\\/image\\\/\",\"url\":\"https:\\\/\\\/www.amnewsworld.com\\\/wp-content\\\/uploads\\\/2025\\\/03\\\/amnround-2.png\",\"contentUrl\":\"https:\\\/\\\/www.amnewsworld.com\\\/wp-content\\\/uploads\\\/2025\\\/03\\\/amnround-2.png\",\"width\":223,\"height\":223,\"caption\":\"AMN News Agency\"},\"image\":{\"@id\":\"https:\\\/\\\/www.amnewsworld.com\\\/#\\\/schema\\\/logo\\\/image\\\/\"},\"sameAs\":[\"http:\\\/\\\/www.facebook.com\\\/amnewsworld1\",\"https:\\\/\\\/x.com\\\/amnewsworld\",\"https:\\\/\\\/www.pinterest.com\\\/amnewsworld\",\"https:\\\/\\\/www.tumblr.com\\\/amnewsworld1\",\"https:\\\/\\\/www.tictok.com\\\/amnewsworld6\",\"https:\\\/\\\/www.youtube.com\\\/@amnewsworld1\"]},{\"@type\":\"Person\",\"@id\":\"https:\\\/\\\/www.amnewsworld.com\\\/#\\\/schema\\\/person\\\/f10354ebcd082500f7653f308cfd9f5d\",\"name\":\"Ohene Anochie\",\"image\":{\"@type\":\"ImageObject\",\"inLanguage\":\"fi\",\"@id\":\"https:\\\/\\\/secure.gravatar.com\\\/avatar\\\/b824eb96f895cae88ce540c1c3dc05fe67167fa30a631f0cabedcd6d0a577304?s=96&d=mm&r=g\",\"url\":\"https:\\\/\\\/secure.gravatar.com\\\/avatar\\\/b824eb96f895cae88ce540c1c3dc05fe67167fa30a631f0cabedcd6d0a577304?s=96&d=mm&r=g\",\"contentUrl\":\"https:\\\/\\\/secure.gravatar.com\\\/avatar\\\/b824eb96f895cae88ce540c1c3dc05fe67167fa30a631f0cabedcd6d0a577304?s=96&d=mm&r=g\",\"caption\":\"Ohene Anochie\"},\"description\":\"Senior Reporter at AMN News Agency, known for his insightful journalism and in-depth coverage of current events.\",\"sameAs\":[\"http:\\\/\\\/www.amnewsworld.com\"],\"url\":\"https:\\\/\\\/www.amnewsworld.com\\\/fi\\\/author\\\/reporter\\\/\"}]}<\/script>\n<!-- \/ Yoast SEO plugin. -->","yoast_head_json":{"title":"Piren\u00f3polis Comes alive with colorful Cavalhadas as Brazil Celebrates Festa do Divino Esp\u00edrito Santo | Amnewsworld","robots":{"index":"index","follow":"follow","max-snippet":"max-snippet:-1","max-image-preview":"max-image-preview:large","max-video-preview":"max-video-preview:-1"},"canonical":"https:\/\/www.amnewsworld.com\/fi\/pirenopolis-comes-alive-with-colorful-cavalhadas-as-brazil-celebrates-festa-do-divino-espirito-santo\/","og_locale":"fi_FI","og_type":"article","og_title":"Piren\u00f3polis Comes alive with colorful Cavalhadas as Brazil Celebrates Festa do Divino Esp\u00edrito Santo | Amnewsworld","og_description":"The cobbled streets of Piren\u00f3polis, a historic town in central Brazil, erupted in vibrant color and celebration on Monday as residents marked the annual Festa do Divino Esp\u00edrito Santo\u00a0 the Festival of the Divine Holy Spirit a deeply rooted cultural and religious event tied to the Christian feast of Pentecost. Dating back to the early","og_url":"https:\/\/www.amnewsworld.com\/fi\/pirenopolis-comes-alive-with-colorful-cavalhadas-as-brazil-celebrates-festa-do-divino-espirito-santo\/","og_site_name":"Amnewsworld","article_publisher":"http:\/\/www.facebook.com\/amnewsworld1","article_published_time":"2025-06-10T15:54:22+00:00","og_image":[{"width":1024,"height":708,"url":"https:\/\/www.amnewsworld.com\/wp-content\/uploads\/2025\/06\/amnewsworld-17.jpg","type":"image\/jpeg"}],"author":"Ohene Anochie","twitter_card":"summary_large_image","twitter_creator":"@amnewsworld","twitter_site":"@amnewsworld","twitter_misc":{"Kirjoittanut":"Ohene Anochie","Arvioitu lukuaika":"2 minuuttia"},"schema":{"@context":"https:\/\/schema.org","@graph":[{"@type":"Article","@id":"https:\/\/www.amnewsworld.com\/pirenopolis-comes-alive-with-colorful-cavalhadas-as-brazil-celebrates-festa-do-divino-espirito-santo\/#article","isPartOf":{"@id":"https:\/\/www.amnewsworld.com\/pirenopolis-comes-alive-with-colorful-cavalhadas-as-brazil-celebrates-festa-do-divino-espirito-santo\/"},"author":{"name":"Ohene Anochie","@id":"https:\/\/www.amnewsworld.com\/#\/schema\/person\/f10354ebcd082500f7653f308cfd9f5d"},"headline":"Piren\u00f3polis Comes alive with colorful Cavalhadas as Brazil Celebrates Festa do Divino Esp\u00edrito Santo","datePublished":"2025-06-10T15:54:22+00:00","mainEntityOfPage":{"@id":"https:\/\/www.amnewsworld.com\/pirenopolis-comes-alive-with-colorful-cavalhadas-as-brazil-celebrates-festa-do-divino-espirito-santo\/"},"wordCount":346,"commentCount":0,"publisher":{"@id":"https:\/\/www.amnewsworld.com\/#organization"},"image":{"@id":"https:\/\/www.amnewsworld.com\/pirenopolis-comes-alive-with-colorful-cavalhadas-as-brazil-celebrates-festa-do-divino-espirito-santo\/#primaryimage"},"thumbnailUrl":"https:\/\/www.amnewsworld.com\/wp-content\/uploads\/2025\/06\/amnewsworld-17.jpg","keywords":["Amnewsworld","Festival","Piren\u00f3polis.","Reporters"],"articleSection":["Americans","Arts &amp; Culture"],"inLanguage":"fi","potentialAction":[{"@type":"CommentAction","name":"Comment","target":["https:\/\/www.amnewsworld.com\/pirenopolis-comes-alive-with-colorful-cavalhadas-as-brazil-celebrates-festa-do-divino-espirito-santo\/#respond"]}]},{"@type":"WebPage","@id":"https:\/\/www.amnewsworld.com\/pirenopolis-comes-alive-with-colorful-cavalhadas-as-brazil-celebrates-festa-do-divino-espirito-santo\/","url":"https:\/\/www.amnewsworld.com\/pirenopolis-comes-alive-with-colorful-cavalhadas-as-brazil-celebrates-festa-do-divino-espirito-santo\/","name":"Piren\u00f3polis Comes alive with colorful Cavalhadas as Brazil Celebrates Festa do Divino Esp\u00edrito Santo | Amnewsworld","isPartOf":{"@id":"https:\/\/www.amnewsworld.com\/#website"},"primaryImageOfPage":{"@id":"https:\/\/www.amnewsworld.com\/pirenopolis-comes-alive-with-colorful-cavalhadas-as-brazil-celebrates-festa-do-divino-espirito-santo\/#primaryimage"},"image":{"@id":"https:\/\/www.amnewsworld.com\/pirenopolis-comes-alive-with-colorful-cavalhadas-as-brazil-celebrates-festa-do-divino-espirito-santo\/#primaryimage"},"thumbnailUrl":"https:\/\/www.amnewsworld.com\/wp-content\/uploads\/2025\/06\/amnewsworld-17.jpg","datePublished":"2025-06-10T15:54:22+00:00","breadcrumb":{"@id":"https:\/\/www.amnewsworld.com\/pirenopolis-comes-alive-with-colorful-cavalhadas-as-brazil-celebrates-festa-do-divino-espirito-santo\/#breadcrumb"},"inLanguage":"fi","potentialAction":[{"@type":"ReadAction","target":["https:\/\/www.amnewsworld.com\/pirenopolis-comes-alive-with-colorful-cavalhadas-as-brazil-celebrates-festa-do-divino-espirito-santo\/"]}]},{"@type":"ImageObject","inLanguage":"fi","@id":"https:\/\/www.amnewsworld.com\/pirenopolis-comes-alive-with-colorful-cavalhadas-as-brazil-celebrates-festa-do-divino-espirito-santo\/#primaryimage","url":"https:\/\/www.amnewsworld.com\/wp-content\/uploads\/2025\/06\/amnewsworld-17.jpg","contentUrl":"https:\/\/www.amnewsworld.com\/wp-content\/uploads\/2025\/06\/amnewsworld-17.jpg","width":1024,"height":708},{"@type":"BreadcrumbList","@id":"https:\/\/www.amnewsworld.com\/pirenopolis-comes-alive-with-colorful-cavalhadas-as-brazil-celebrates-festa-do-divino-espirito-santo\/#breadcrumb","itemListElement":[{"@type":"ListItem","position":1,"name":"Home","item":"https:\/\/www.amnewsworld.com\/"},{"@type":"ListItem","position":2,"name":"Piren\u00f3polis Comes alive with colorful Cavalhadas as Brazil Celebrates Festa do Divino Esp\u00edrito Santo"}]},{"@type":"WebSite","@id":"https:\/\/www.amnewsworld.com\/#website","url":"https:\/\/www.amnewsworld.com\/","name":"Amnewsworld","description":"Your voice. Your platform. Your news","publisher":{"@id":"https:\/\/www.amnewsworld.com\/#organization"},"alternateName":"AMN News Agency","potentialAction":[{"@type":"SearchAction","target":{"@type":"EntryPoint","urlTemplate":"https:\/\/www.amnewsworld.com\/?s={search_term_string}"},"query-input":{"@type":"PropertyValueSpecification","valueRequired":true,"valueName":"search_term_string"}}],"inLanguage":"fi"},{"@type":"Organization","@id":"https:\/\/www.amnewsworld.com\/#organization","name":"AMN News Agency","alternateName":"Amnewsworld","url":"https:\/\/www.amnewsworld.com\/","logo":{"@type":"ImageObject","inLanguage":"fi","@id":"https:\/\/www.amnewsworld.com\/#\/schema\/logo\/image\/","url":"https:\/\/www.amnewsworld.com\/wp-content\/uploads\/2025\/03\/amnround-2.png","contentUrl":"https:\/\/www.amnewsworld.com\/wp-content\/uploads\/2025\/03\/amnround-2.png","width":223,"height":223,"caption":"AMN News Agency"},"image":{"@id":"https:\/\/www.amnewsworld.com\/#\/schema\/logo\/image\/"},"sameAs":["http:\/\/www.facebook.com\/amnewsworld1","https:\/\/x.com\/amnewsworld","https:\/\/www.pinterest.com\/amnewsworld","https:\/\/www.tumblr.com\/amnewsworld1","https:\/\/www.tictok.com\/amnewsworld6","https:\/\/www.youtube.com\/@amnewsworld1"]},{"@type":"Person","@id":"https:\/\/www.amnewsworld.com\/#\/schema\/person\/f10354ebcd082500f7653f308cfd9f5d","name":"Ohene Anochie","image":{"@type":"ImageObject","inLanguage":"fi","@id":"https:\/\/secure.gravatar.com\/avatar\/b824eb96f895cae88ce540c1c3dc05fe67167fa30a631f0cabedcd6d0a577304?s=96&d=mm&r=g","url":"https:\/\/secure.gravatar.com\/avatar\/b824eb96f895cae88ce540c1c3dc05fe67167fa30a631f0cabedcd6d0a577304?s=96&d=mm&r=g","contentUrl":"https:\/\/secure.gravatar.com\/avatar\/b824eb96f895cae88ce540c1c3dc05fe67167fa30a631f0cabedcd6d0a577304?s=96&d=mm&r=g","caption":"Ohene Anochie"},"description":"Senior Reporter at AMN News Agency, known for his insightful journalism and in-depth coverage of current events.","sameAs":["http:\/\/www.amnewsworld.com"],"url":"https:\/\/www.amnewsworld.com\/fi\/author\/reporter\/"}]}},"jetpack_featured_media_url":"https:\/\/www.amnewsworld.com\/wp-content\/uploads\/2025\/06\/amnewsworld-17.jpg","_links":{"self":[{"href":"https:\/\/www.amnewsworld.com\/fi\/wp-json\/wp\/v2\/posts\/13070","targetHints":{"allow":["GET"]}}],"collection":[{"href":"https:\/\/www.amnewsworld.com\/fi\/wp-json\/wp\/v2\/posts"}],"about":[{"href":"https:\/\/www.amnewsworld.com\/fi\/wp-json\/wp\/v2\/types\/post"}],"author":[{"embeddable":true,"href":"https:\/\/www.amnewsworld.com\/fi\/wp-json\/wp\/v2\/users\/4"}],"replies":[{"embeddable":true,"href":"https:\/\/www.amnewsworld.com\/fi\/wp-json\/wp\/v2\/comments?post=13070"}],"version-history":[{"count":1,"href":"https:\/\/www.amnewsworld.com\/fi\/wp-json\/wp\/v2\/posts\/13070\/revisions"}],"predecessor-version":[{"id":13072,"href":"https:\/\/www.amnewsworld.com\/fi\/wp-json\/wp\/v2\/posts\/13070\/revisions\/13072"}],"wp:featuredmedia":[{"embeddable":true,"href":"https:\/\/www.amnewsworld.com\/fi\/wp-json\/wp\/v2\/media\/13071"}],"wp:attachment":[{"href":"https:\/\/www.amnewsworld.com\/fi\/wp-json\/wp\/v2\/media?parent=13070"}],"wp:term":[{"taxonomy":"category","embeddable":true,"href":"https:\/\/www.amnewsworld.com\/fi\/wp-json\/wp\/v2\/categories?post=13070"},{"taxonomy":"post_tag","embeddable":true,"href":"https:\/\/www.amnewsworld.com\/fi\/wp-json\/wp\/v2\/tags?post=13070"}],"curies":[{"name":"wp","href":"https:\/\/api.w.org\/{rel}","templated":true}]}}