{"id":10003,"date":"2024-12-28T03:06:36","date_gmt":"2024-12-28T03:06:36","guid":{"rendered":"https:\/\/amnewsworld.com\/?p=10003"},"modified":"2024-12-28T03:06:36","modified_gmt":"2024-12-28T03:06:36","slug":"lithuania-to-introduce-spanish-as-a-first-foreign-language-by-2026","status":"publish","type":"post","link":"https:\/\/www.amnewsworld.com\/fi\/lithuania-to-introduce-spanish-as-a-first-foreign-language-by-2026\/","title":{"rendered":"Lithuania to introduce Spanish as a first foreign language by 2026"},"content":{"rendered":"<p>Starting in 2026, Lithuanian schoolchildren will have the option to choose Spanish as their primary foreign language. While the demand for Spanish language learning is growing, schools face significant challenges in finding qualified teachers to meet this demand.<\/p>\n<p>At Kaunas Maironis University Gymnasium, a Mexican teacher currently teaches Spanish, but the recruitment process was far from straightforward.<\/p>\n<p>&nbsp;<\/p>\n<p>\u201cWe used every possible method to find a teacher\u2014reaching out to colleagues, asking for recommendations, and even persuading potential candidates. We are thrilled we succeeded,\u201d said the school\u2019s deputy headmistress, Ramun\u0117 Bal\u010diuvien\u0117.<\/p>\n<p>The teacher, Jesus Manuel Barragan Ferrer, revealed that schools actively seek Spanish educators, but he has no capacity to take on additional roles.<br \/>\n\u201cI receive job offers constantly, but I work full time and cannot take on extra lessons,\u201d he explained.<\/p>\n<p>&nbsp;<\/p>\n<h3><strong>Shift Away from Russian Boosts Interest in Spanish<\/strong><\/h3>\n<p>The popularity of Spanish in Lithuania has surged since 2022, coinciding with Russia\u2019s invasion of Ukraine. The number of students choosing Russian as a second language dropped from 75% to 40%, while 10% of sixth graders opted for Spanish this academic year.<\/p>\n<p>\u201cThe decline in Russian language learners is mirrored by a rise in interest in other languages, including Spanish,\u201d said Dainius \u017dvirdauskas, president of the Association of School Managers.<\/p>\n<p>Currently, Spanish is offered as a second language in eight municipalities across Lithuania, with 29 teachers instructing 1,500 students.<\/p>\n<p>&nbsp;<\/p>\n<h3><strong>Plans for Expansion and New Challenges<\/strong><\/h3>\n<p>From 2026, Spanish will be available as a first foreign language starting in second grade, and students will have the option to take Spanish as part of their graduation exams. However, the shortage of qualified Spanish teachers remains a pressing issue.<\/p>\n<p>\u201cThere are many students eager to learn Spanish, but not enough teachers to meet the demand,\u201d said Vigilija \u017di\u016brait\u0117, a Spanish lecturer at Vytautas Magnus University (VDU).<\/p>\n<p>To address this, Spanish teachers have been prioritized for retraining programs. In 2023, VDU launched a Spanish pedagogy program, although students must pay for their education due to a lack of funding. Vilnius University also offers Spanish philology combined with pedagogy.<\/p>\n<p>&nbsp;<\/p>\n<h3><strong>Government and Embassy Support<\/strong><\/h3>\n<p>The Lithuanian Education Ministry has promised to reassess funding for Spanish pedagogy studies and plans to expand retraining programs next year. Additionally, in collaboration with the Spanish Embassy, teacher training courses will be organized in Spain.<\/p>\n<p>Despite the challenges, education officials believe the gradual implementation will allow for proper planning and ensure sufficient employment opportunities for future graduates.<\/p>","protected":false},"excerpt":{"rendered":"<p>Starting in 2026, Lithuanian schoolchildren will have the option to choose Spanish as their primary foreign language. While the demand for Spanish language learning is growing, schools face significant challenges in finding qualified teachers to meet this demand. At Kaunas Maironis University Gymnasium, a Mexican teacher currently teaches Spanish, but the recruitment process was far<\/p>","protected":false},"author":4,"featured_media":10004,"comment_status":"open","ping_status":"open","sticky":false,"template":"","format":"standard","meta":{"rop_custom_images_group":[],"rop_custom_messages_group":[],"rop_publish_now":"initial","rop_publish_now_accounts":{"twitter_1160854738579181570_1160854738579181570":"","facebook_3558452337540614_100649324928663":""},"rop_publish_now_history":[],"rop_publish_now_status":"pending","_monsterinsights_skip_tracking":false,"_monsterinsights_sitenote_active":false,"_monsterinsights_sitenote_note":"","_monsterinsights_sitenote_category":0,"footnotes":""},"categories":[15,27],"tags":[285,311,409],"class_list":{"0":"post-10003","1":"post","2":"type-post","3":"status-publish","4":"format-standard","5":"has-post-thumbnail","7":"category-education","8":"category-europe","9":"tag-amnewsworld","10":"tag-reporter","11":"tag-vilnius"},"yoast_head":"<!-- This site is optimized with the Yoast SEO plugin v27.4 - https:\/\/yoast.com\/product\/yoast-seo-wordpress\/ -->\n<title>Lithuania to introduce Spanish as a first foreign language by 2026 | Amnewsworld<\/title>\n<meta name=\"robots\" content=\"index, follow, max-snippet:-1, max-image-preview:large, max-video-preview:-1\" \/>\n<link rel=\"canonical\" href=\"https:\/\/www.amnewsworld.com\/fi\/lithuania-to-introduce-spanish-as-a-first-foreign-language-by-2026\/\" \/>\n<meta property=\"og:locale\" content=\"fi_FI\" \/>\n<meta property=\"og:type\" content=\"article\" \/>\n<meta property=\"og:title\" content=\"Lithuania to introduce Spanish as a first foreign language by 2026 | Amnewsworld\" \/>\n<meta property=\"og:description\" content=\"Starting in 2026, Lithuanian schoolchildren will have the option to choose Spanish as their primary foreign language. While the demand for Spanish language learning is growing, schools face significant challenges in finding qualified teachers to meet this demand. At Kaunas Maironis University Gymnasium, a Mexican teacher currently teaches Spanish, but the recruitment process was far\" \/>\n<meta property=\"og:url\" content=\"https:\/\/www.amnewsworld.com\/fi\/lithuania-to-introduce-spanish-as-a-first-foreign-language-by-2026\/\" \/>\n<meta property=\"og:site_name\" content=\"Amnewsworld\" \/>\n<meta property=\"article:publisher\" content=\"http:\/\/www.facebook.com\/amnewsworld1\" \/>\n<meta property=\"article:published_time\" content=\"2024-12-28T03:06:36+00:00\" \/>\n<meta property=\"og:image\" content=\"https:\/\/www.amnewsworld.com\/wp-content\/uploads\/2024\/12\/amnewsworld-9.jpg\" \/>\n\t<meta property=\"og:image:width\" content=\"638\" \/>\n\t<meta property=\"og:image:height\" content=\"425\" \/>\n\t<meta property=\"og:image:type\" content=\"image\/jpeg\" \/>\n<meta name=\"author\" content=\"Ohene Anochie\" \/>\n<meta name=\"twitter:card\" content=\"summary_large_image\" \/>\n<meta name=\"twitter:creator\" content=\"@amnewsworld\" \/>\n<meta name=\"twitter:site\" content=\"@amnewsworld\" \/>\n<meta name=\"twitter:label1\" content=\"Kirjoittanut\" \/>\n\t<meta name=\"twitter:data1\" content=\"Ohene Anochie\" \/>\n\t<meta name=\"twitter:label2\" content=\"Arvioitu lukuaika\" \/>\n\t<meta name=\"twitter:data2\" content=\"2 minuuttia\" \/>\n<script type=\"application\/ld+json\" class=\"yoast-schema-graph\">{\"@context\":\"https:\\\/\\\/schema.org\",\"@graph\":[{\"@type\":\"Article\",\"@id\":\"https:\\\/\\\/www.amnewsworld.com\\\/lithuania-to-introduce-spanish-as-a-first-foreign-language-by-2026\\\/#article\",\"isPartOf\":{\"@id\":\"https:\\\/\\\/www.amnewsworld.com\\\/lithuania-to-introduce-spanish-as-a-first-foreign-language-by-2026\\\/\"},\"author\":{\"name\":\"Ohene Anochie\",\"@id\":\"https:\\\/\\\/www.amnewsworld.com\\\/#\\\/schema\\\/person\\\/f10354ebcd082500f7653f308cfd9f5d\"},\"headline\":\"Lithuania to introduce Spanish as a first foreign language by 2026\",\"datePublished\":\"2024-12-28T03:06:36+00:00\",\"mainEntityOfPage\":{\"@id\":\"https:\\\/\\\/www.amnewsworld.com\\\/lithuania-to-introduce-spanish-as-a-first-foreign-language-by-2026\\\/\"},\"wordCount\":414,\"commentCount\":0,\"publisher\":{\"@id\":\"https:\\\/\\\/www.amnewsworld.com\\\/#organization\"},\"image\":{\"@id\":\"https:\\\/\\\/www.amnewsworld.com\\\/lithuania-to-introduce-spanish-as-a-first-foreign-language-by-2026\\\/#primaryimage\"},\"thumbnailUrl\":\"https:\\\/\\\/www.amnewsworld.com\\\/wp-content\\\/uploads\\\/2024\\\/12\\\/amnewsworld-9.jpg\",\"keywords\":[\"Amnewsworld\",\"Reporter\",\"Vilnius.\"],\"articleSection\":[\"Education\",\"Europe\"],\"inLanguage\":\"fi\",\"potentialAction\":[{\"@type\":\"CommentAction\",\"name\":\"Comment\",\"target\":[\"https:\\\/\\\/www.amnewsworld.com\\\/lithuania-to-introduce-spanish-as-a-first-foreign-language-by-2026\\\/#respond\"]}]},{\"@type\":\"WebPage\",\"@id\":\"https:\\\/\\\/www.amnewsworld.com\\\/lithuania-to-introduce-spanish-as-a-first-foreign-language-by-2026\\\/\",\"url\":\"https:\\\/\\\/www.amnewsworld.com\\\/lithuania-to-introduce-spanish-as-a-first-foreign-language-by-2026\\\/\",\"name\":\"Lithuania to introduce Spanish as a first foreign language by 2026 | Amnewsworld\",\"isPartOf\":{\"@id\":\"https:\\\/\\\/www.amnewsworld.com\\\/#website\"},\"primaryImageOfPage\":{\"@id\":\"https:\\\/\\\/www.amnewsworld.com\\\/lithuania-to-introduce-spanish-as-a-first-foreign-language-by-2026\\\/#primaryimage\"},\"image\":{\"@id\":\"https:\\\/\\\/www.amnewsworld.com\\\/lithuania-to-introduce-spanish-as-a-first-foreign-language-by-2026\\\/#primaryimage\"},\"thumbnailUrl\":\"https:\\\/\\\/www.amnewsworld.com\\\/wp-content\\\/uploads\\\/2024\\\/12\\\/amnewsworld-9.jpg\",\"datePublished\":\"2024-12-28T03:06:36+00:00\",\"breadcrumb\":{\"@id\":\"https:\\\/\\\/www.amnewsworld.com\\\/lithuania-to-introduce-spanish-as-a-first-foreign-language-by-2026\\\/#breadcrumb\"},\"inLanguage\":\"fi\",\"potentialAction\":[{\"@type\":\"ReadAction\",\"target\":[\"https:\\\/\\\/www.amnewsworld.com\\\/lithuania-to-introduce-spanish-as-a-first-foreign-language-by-2026\\\/\"]}]},{\"@type\":\"ImageObject\",\"inLanguage\":\"fi\",\"@id\":\"https:\\\/\\\/www.amnewsworld.com\\\/lithuania-to-introduce-spanish-as-a-first-foreign-language-by-2026\\\/#primaryimage\",\"url\":\"https:\\\/\\\/www.amnewsworld.com\\\/wp-content\\\/uploads\\\/2024\\\/12\\\/amnewsworld-9.jpg\",\"contentUrl\":\"https:\\\/\\\/www.amnewsworld.com\\\/wp-content\\\/uploads\\\/2024\\\/12\\\/amnewsworld-9.jpg\",\"width\":638,\"height\":425},{\"@type\":\"BreadcrumbList\",\"@id\":\"https:\\\/\\\/www.amnewsworld.com\\\/lithuania-to-introduce-spanish-as-a-first-foreign-language-by-2026\\\/#breadcrumb\",\"itemListElement\":[{\"@type\":\"ListItem\",\"position\":1,\"name\":\"Home\",\"item\":\"https:\\\/\\\/www.amnewsworld.com\\\/\"},{\"@type\":\"ListItem\",\"position\":2,\"name\":\"Lithuania to introduce Spanish as a first foreign language by 2026\"}]},{\"@type\":\"WebSite\",\"@id\":\"https:\\\/\\\/www.amnewsworld.com\\\/#website\",\"url\":\"https:\\\/\\\/www.amnewsworld.com\\\/\",\"name\":\"Amnewsworld\",\"description\":\"Your voice. Your platform. Your news\",\"publisher\":{\"@id\":\"https:\\\/\\\/www.amnewsworld.com\\\/#organization\"},\"alternateName\":\"AMN News Agency\",\"potentialAction\":[{\"@type\":\"SearchAction\",\"target\":{\"@type\":\"EntryPoint\",\"urlTemplate\":\"https:\\\/\\\/www.amnewsworld.com\\\/?s={search_term_string}\"},\"query-input\":{\"@type\":\"PropertyValueSpecification\",\"valueRequired\":true,\"valueName\":\"search_term_string\"}}],\"inLanguage\":\"fi\"},{\"@type\":\"Organization\",\"@id\":\"https:\\\/\\\/www.amnewsworld.com\\\/#organization\",\"name\":\"AMN News Agency\",\"alternateName\":\"Amnewsworld\",\"url\":\"https:\\\/\\\/www.amnewsworld.com\\\/\",\"logo\":{\"@type\":\"ImageObject\",\"inLanguage\":\"fi\",\"@id\":\"https:\\\/\\\/www.amnewsworld.com\\\/#\\\/schema\\\/logo\\\/image\\\/\",\"url\":\"https:\\\/\\\/www.amnewsworld.com\\\/wp-content\\\/uploads\\\/2025\\\/03\\\/amnround-2.png\",\"contentUrl\":\"https:\\\/\\\/www.amnewsworld.com\\\/wp-content\\\/uploads\\\/2025\\\/03\\\/amnround-2.png\",\"width\":223,\"height\":223,\"caption\":\"AMN News Agency\"},\"image\":{\"@id\":\"https:\\\/\\\/www.amnewsworld.com\\\/#\\\/schema\\\/logo\\\/image\\\/\"},\"sameAs\":[\"http:\\\/\\\/www.facebook.com\\\/amnewsworld1\",\"https:\\\/\\\/x.com\\\/amnewsworld\",\"https:\\\/\\\/www.pinterest.com\\\/amnewsworld\",\"https:\\\/\\\/www.tumblr.com\\\/amnewsworld1\",\"https:\\\/\\\/www.tictok.com\\\/amnewsworld6\",\"https:\\\/\\\/www.youtube.com\\\/@amnewsworld1\"]},{\"@type\":\"Person\",\"@id\":\"https:\\\/\\\/www.amnewsworld.com\\\/#\\\/schema\\\/person\\\/f10354ebcd082500f7653f308cfd9f5d\",\"name\":\"Ohene Anochie\",\"image\":{\"@type\":\"ImageObject\",\"inLanguage\":\"fi\",\"@id\":\"https:\\\/\\\/secure.gravatar.com\\\/avatar\\\/b824eb96f895cae88ce540c1c3dc05fe67167fa30a631f0cabedcd6d0a577304?s=96&d=mm&r=g\",\"url\":\"https:\\\/\\\/secure.gravatar.com\\\/avatar\\\/b824eb96f895cae88ce540c1c3dc05fe67167fa30a631f0cabedcd6d0a577304?s=96&d=mm&r=g\",\"contentUrl\":\"https:\\\/\\\/secure.gravatar.com\\\/avatar\\\/b824eb96f895cae88ce540c1c3dc05fe67167fa30a631f0cabedcd6d0a577304?s=96&d=mm&r=g\",\"caption\":\"Ohene Anochie\"},\"description\":\"Senior Reporter at AMN News Agency, known for his insightful journalism and in-depth coverage of current events.\",\"sameAs\":[\"http:\\\/\\\/www.amnewsworld.com\"],\"url\":\"https:\\\/\\\/www.amnewsworld.com\\\/fi\\\/author\\\/reporter\\\/\"}]}<\/script>\n<!-- \/ Yoast SEO plugin. -->","yoast_head_json":{"title":"Lithuania to introduce Spanish as a first foreign language by 2026 | Amnewsworld","robots":{"index":"index","follow":"follow","max-snippet":"max-snippet:-1","max-image-preview":"max-image-preview:large","max-video-preview":"max-video-preview:-1"},"canonical":"https:\/\/www.amnewsworld.com\/fi\/lithuania-to-introduce-spanish-as-a-first-foreign-language-by-2026\/","og_locale":"fi_FI","og_type":"article","og_title":"Lithuania to introduce Spanish as a first foreign language by 2026 | Amnewsworld","og_description":"Starting in 2026, Lithuanian schoolchildren will have the option to choose Spanish as their primary foreign language. While the demand for Spanish language learning is growing, schools face significant challenges in finding qualified teachers to meet this demand. At Kaunas Maironis University Gymnasium, a Mexican teacher currently teaches Spanish, but the recruitment process was far","og_url":"https:\/\/www.amnewsworld.com\/fi\/lithuania-to-introduce-spanish-as-a-first-foreign-language-by-2026\/","og_site_name":"Amnewsworld","article_publisher":"http:\/\/www.facebook.com\/amnewsworld1","article_published_time":"2024-12-28T03:06:36+00:00","og_image":[{"width":638,"height":425,"url":"https:\/\/www.amnewsworld.com\/wp-content\/uploads\/2024\/12\/amnewsworld-9.jpg","type":"image\/jpeg"}],"author":"Ohene Anochie","twitter_card":"summary_large_image","twitter_creator":"@amnewsworld","twitter_site":"@amnewsworld","twitter_misc":{"Kirjoittanut":"Ohene Anochie","Arvioitu lukuaika":"2 minuuttia"},"schema":{"@context":"https:\/\/schema.org","@graph":[{"@type":"Article","@id":"https:\/\/www.amnewsworld.com\/lithuania-to-introduce-spanish-as-a-first-foreign-language-by-2026\/#article","isPartOf":{"@id":"https:\/\/www.amnewsworld.com\/lithuania-to-introduce-spanish-as-a-first-foreign-language-by-2026\/"},"author":{"name":"Ohene Anochie","@id":"https:\/\/www.amnewsworld.com\/#\/schema\/person\/f10354ebcd082500f7653f308cfd9f5d"},"headline":"Lithuania to introduce Spanish as a first foreign language by 2026","datePublished":"2024-12-28T03:06:36+00:00","mainEntityOfPage":{"@id":"https:\/\/www.amnewsworld.com\/lithuania-to-introduce-spanish-as-a-first-foreign-language-by-2026\/"},"wordCount":414,"commentCount":0,"publisher":{"@id":"https:\/\/www.amnewsworld.com\/#organization"},"image":{"@id":"https:\/\/www.amnewsworld.com\/lithuania-to-introduce-spanish-as-a-first-foreign-language-by-2026\/#primaryimage"},"thumbnailUrl":"https:\/\/www.amnewsworld.com\/wp-content\/uploads\/2024\/12\/amnewsworld-9.jpg","keywords":["Amnewsworld","Reporter","Vilnius."],"articleSection":["Education","Europe"],"inLanguage":"fi","potentialAction":[{"@type":"CommentAction","name":"Comment","target":["https:\/\/www.amnewsworld.com\/lithuania-to-introduce-spanish-as-a-first-foreign-language-by-2026\/#respond"]}]},{"@type":"WebPage","@id":"https:\/\/www.amnewsworld.com\/lithuania-to-introduce-spanish-as-a-first-foreign-language-by-2026\/","url":"https:\/\/www.amnewsworld.com\/lithuania-to-introduce-spanish-as-a-first-foreign-language-by-2026\/","name":"Lithuania to introduce Spanish as a first foreign language by 2026 | Amnewsworld","isPartOf":{"@id":"https:\/\/www.amnewsworld.com\/#website"},"primaryImageOfPage":{"@id":"https:\/\/www.amnewsworld.com\/lithuania-to-introduce-spanish-as-a-first-foreign-language-by-2026\/#primaryimage"},"image":{"@id":"https:\/\/www.amnewsworld.com\/lithuania-to-introduce-spanish-as-a-first-foreign-language-by-2026\/#primaryimage"},"thumbnailUrl":"https:\/\/www.amnewsworld.com\/wp-content\/uploads\/2024\/12\/amnewsworld-9.jpg","datePublished":"2024-12-28T03:06:36+00:00","breadcrumb":{"@id":"https:\/\/www.amnewsworld.com\/lithuania-to-introduce-spanish-as-a-first-foreign-language-by-2026\/#breadcrumb"},"inLanguage":"fi","potentialAction":[{"@type":"ReadAction","target":["https:\/\/www.amnewsworld.com\/lithuania-to-introduce-spanish-as-a-first-foreign-language-by-2026\/"]}]},{"@type":"ImageObject","inLanguage":"fi","@id":"https:\/\/www.amnewsworld.com\/lithuania-to-introduce-spanish-as-a-first-foreign-language-by-2026\/#primaryimage","url":"https:\/\/www.amnewsworld.com\/wp-content\/uploads\/2024\/12\/amnewsworld-9.jpg","contentUrl":"https:\/\/www.amnewsworld.com\/wp-content\/uploads\/2024\/12\/amnewsworld-9.jpg","width":638,"height":425},{"@type":"BreadcrumbList","@id":"https:\/\/www.amnewsworld.com\/lithuania-to-introduce-spanish-as-a-first-foreign-language-by-2026\/#breadcrumb","itemListElement":[{"@type":"ListItem","position":1,"name":"Home","item":"https:\/\/www.amnewsworld.com\/"},{"@type":"ListItem","position":2,"name":"Lithuania to introduce Spanish as a first foreign language by 2026"}]},{"@type":"WebSite","@id":"https:\/\/www.amnewsworld.com\/#website","url":"https:\/\/www.amnewsworld.com\/","name":"Amnewsworld","description":"Your voice. Your platform. Your news","publisher":{"@id":"https:\/\/www.amnewsworld.com\/#organization"},"alternateName":"AMN News Agency","potentialAction":[{"@type":"SearchAction","target":{"@type":"EntryPoint","urlTemplate":"https:\/\/www.amnewsworld.com\/?s={search_term_string}"},"query-input":{"@type":"PropertyValueSpecification","valueRequired":true,"valueName":"search_term_string"}}],"inLanguage":"fi"},{"@type":"Organization","@id":"https:\/\/www.amnewsworld.com\/#organization","name":"AMN News Agency","alternateName":"Amnewsworld","url":"https:\/\/www.amnewsworld.com\/","logo":{"@type":"ImageObject","inLanguage":"fi","@id":"https:\/\/www.amnewsworld.com\/#\/schema\/logo\/image\/","url":"https:\/\/www.amnewsworld.com\/wp-content\/uploads\/2025\/03\/amnround-2.png","contentUrl":"https:\/\/www.amnewsworld.com\/wp-content\/uploads\/2025\/03\/amnround-2.png","width":223,"height":223,"caption":"AMN News Agency"},"image":{"@id":"https:\/\/www.amnewsworld.com\/#\/schema\/logo\/image\/"},"sameAs":["http:\/\/www.facebook.com\/amnewsworld1","https:\/\/x.com\/amnewsworld","https:\/\/www.pinterest.com\/amnewsworld","https:\/\/www.tumblr.com\/amnewsworld1","https:\/\/www.tictok.com\/amnewsworld6","https:\/\/www.youtube.com\/@amnewsworld1"]},{"@type":"Person","@id":"https:\/\/www.amnewsworld.com\/#\/schema\/person\/f10354ebcd082500f7653f308cfd9f5d","name":"Ohene Anochie","image":{"@type":"ImageObject","inLanguage":"fi","@id":"https:\/\/secure.gravatar.com\/avatar\/b824eb96f895cae88ce540c1c3dc05fe67167fa30a631f0cabedcd6d0a577304?s=96&d=mm&r=g","url":"https:\/\/secure.gravatar.com\/avatar\/b824eb96f895cae88ce540c1c3dc05fe67167fa30a631f0cabedcd6d0a577304?s=96&d=mm&r=g","contentUrl":"https:\/\/secure.gravatar.com\/avatar\/b824eb96f895cae88ce540c1c3dc05fe67167fa30a631f0cabedcd6d0a577304?s=96&d=mm&r=g","caption":"Ohene Anochie"},"description":"Senior Reporter at AMN News Agency, known for his insightful journalism and in-depth coverage of current events.","sameAs":["http:\/\/www.amnewsworld.com"],"url":"https:\/\/www.amnewsworld.com\/fi\/author\/reporter\/"}]}},"jetpack_featured_media_url":"https:\/\/www.amnewsworld.com\/wp-content\/uploads\/2024\/12\/amnewsworld-9.jpg","_links":{"self":[{"href":"https:\/\/www.amnewsworld.com\/fi\/wp-json\/wp\/v2\/posts\/10003","targetHints":{"allow":["GET"]}}],"collection":[{"href":"https:\/\/www.amnewsworld.com\/fi\/wp-json\/wp\/v2\/posts"}],"about":[{"href":"https:\/\/www.amnewsworld.com\/fi\/wp-json\/wp\/v2\/types\/post"}],"author":[{"embeddable":true,"href":"https:\/\/www.amnewsworld.com\/fi\/wp-json\/wp\/v2\/users\/4"}],"replies":[{"embeddable":true,"href":"https:\/\/www.amnewsworld.com\/fi\/wp-json\/wp\/v2\/comments?post=10003"}],"version-history":[{"count":1,"href":"https:\/\/www.amnewsworld.com\/fi\/wp-json\/wp\/v2\/posts\/10003\/revisions"}],"predecessor-version":[{"id":10005,"href":"https:\/\/www.amnewsworld.com\/fi\/wp-json\/wp\/v2\/posts\/10003\/revisions\/10005"}],"wp:featuredmedia":[{"embeddable":true,"href":"https:\/\/www.amnewsworld.com\/fi\/wp-json\/wp\/v2\/media\/10004"}],"wp:attachment":[{"href":"https:\/\/www.amnewsworld.com\/fi\/wp-json\/wp\/v2\/media?parent=10003"}],"wp:term":[{"taxonomy":"category","embeddable":true,"href":"https:\/\/www.amnewsworld.com\/fi\/wp-json\/wp\/v2\/categories?post=10003"},{"taxonomy":"post_tag","embeddable":true,"href":"https:\/\/www.amnewsworld.com\/fi\/wp-json\/wp\/v2\/tags?post=10003"}],"curies":[{"name":"wp","href":"https:\/\/api.w.org\/{rel}","templated":true}]}}